{"id":56523,"date":"2022-01-19T15:33:16","date_gmt":"2022-01-19T13:33:16","guid":{"rendered":"https:\/\/piastrellerinaldi.it\/?p=56523"},"modified":"2022-09-21T15:09:19","modified_gmt":"2022-09-21T13:09:19","slug":"very-peri-17-3938-e-il-colore-dellanno-2022","status":"publish","type":"post","link":"https:\/\/piastrellerinaldi.it\/en\/very-peri-17-3938-e-il-colore-dellanno-2022\/","title":{"rendered":"VERY PERI 17-3938 IS THE COLOUR OF THE YEAR 2022"},"content":{"rendered":"<section class=\"l-section wpb_row height_medium\"><div class=\"l-section-h i-cf\"><div class=\"g-cols vc_row via_flex valign_top type_default stacking_default\"><div class=\"vc_col-sm-12 wpb_column vc_column_container\"><div class=\"vc_column-inner\"><div class=\"wpb_wrapper\"><div class=\"wpb_text_column us_custom_432d3f53\"><div class=\"wpb_wrapper\"><p><strong>VERY PERI 17-3938 IS THE COLOUR OF THE YEAR 2022<\/strong><\/p>\n<p>Una\u00a0tonalit\u00e0 di blu pervinca con un sottotono rosso-viola. Una tinta dall&#8217;attitudine vivace e gioiosa, una sfumatura dinamica e vibrante che incoraggia la creativit\u00e0 e un&#8217;espressivit\u00e0 fantasiosa, ideale per dare una sferzata di energia.<br \/>\nQuesta scelta sottolinea il periodo di trasformazione mondiale in atto, conseguenza dell&#8217;emergenza sanitaria che da oramai due anni sta influenzando il mondo intero: in questo scenario entra in gioco il blu pervinca come grande protagonista, un colore gi\u00e0 noto, familiare, che genera comfort e riduce ansia e stress, ammorbidito da sfumature tendenti al viola-rosso. Dal blu si vira verso il viola spiccando il volo verso il futuro.<\/p>\n<p style=\"text-align: center\"><strong><img decoding=\"async\" class=\"aligncenter wp-image-56524 size-shop_single lazyload\" data-src=\"https:\/\/piastrellerinaldi.it\/wp-content\/uploads\/2022\/01\/Progetto-senza-titolo-2022-01-18T173641.112.jpg\" alt=\"\" width=\"600\" height=\"600\" data-srcset=\"https:\/\/piastrellerinaldi.it\/wp-content\/uploads\/2022\/01\/Progetto-senza-titolo-2022-01-18T173641.112.jpg 1080w, https:\/\/piastrellerinaldi.it\/wp-content\/uploads\/2022\/01\/Progetto-senza-titolo-2022-01-18T173641.112-300x300.jpg 300w, https:\/\/piastrellerinaldi.it\/wp-content\/uploads\/2022\/01\/Progetto-senza-titolo-2022-01-18T173641.112-1024x1024.jpg 1024w, https:\/\/piastrellerinaldi.it\/wp-content\/uploads\/2022\/01\/Progetto-senza-titolo-2022-01-18T173641.112-150x150.jpg 150w, https:\/\/piastrellerinaldi.it\/wp-content\/uploads\/2022\/01\/Progetto-senza-titolo-2022-01-18T173641.112-12x12.jpg 12w, https:\/\/piastrellerinaldi.it\/wp-content\/uploads\/2022\/01\/Progetto-senza-titolo-2022-01-18T173641.112-40x40.jpg 40w, https:\/\/piastrellerinaldi.it\/wp-content\/uploads\/2022\/01\/Progetto-senza-titolo-2022-01-18T173641.112-90x90.jpg 90w, https:\/\/piastrellerinaldi.it\/wp-content\/uploads\/2022\/01\/Progetto-senza-titolo-2022-01-18T173641.112-523x523.jpg 523w, https:\/\/piastrellerinaldi.it\/wp-content\/uploads\/2022\/01\/Progetto-senza-titolo-2022-01-18T173641.112-525x524.jpg 525w, https:\/\/piastrellerinaldi.it\/wp-content\/uploads\/2022\/01\/Progetto-senza-titolo-2022-01-18T173641.112-450x450.jpg 450w, https:\/\/piastrellerinaldi.it\/wp-content\/uploads\/2022\/01\/Progetto-senza-titolo-2022-01-18T173641.112-600x600.jpg 600w\" data-sizes=\"auto\" src=\"data:image\/svg+xml;base64,PHN2ZyB3aWR0aD0iMSIgaGVpZ2h0PSIxIiB4bWxucz0iaHR0cDovL3d3dy53My5vcmcvMjAwMC9zdmciPjwvc3ZnPg==\" style=\"--smush-placeholder-width: 600px; --smush-placeholder-aspect-ratio: 600\/600;\" data-original-sizes=\"(max-width: 600px) 100vw, 600px\" \/><\/strong><\/p>\n<p>&nbsp;<\/p>\n<p><strong>ARREDARE CON IL COLORE PANTONE 2022 VERY PERI<\/strong><\/p>\n<p>Questo blu violetto \u00e8 un invito a osare e a sperimentare anche nell&#8217;arredamento. Chi non ha paura di esagerare pu\u00f2 sceglierlo come colore principale di un&#8217;intera parete e come materiale, texture e rivestimento di un arredo. Chi invece preferisce inserirlo con moderazione pu\u00f2 sceglierlo come tinta d&#8217;accento sparsa qu\u00e0 e l\u00e0, in dettagli, complementi e accessori.<\/p>\n<p><img decoding=\"async\" class=\"aligncenter wp-image-56525 size-shop_single lazyload\" data-src=\"https:\/\/piastrellerinaldi.it\/wp-content\/uploads\/2022\/01\/Progetto-senza-titolo-2022-01-18T173728.509.jpg\" alt=\"\" width=\"600\" height=\"600\" data-srcset=\"https:\/\/piastrellerinaldi.it\/wp-content\/uploads\/2022\/01\/Progetto-senza-titolo-2022-01-18T173728.509.jpg 1080w, https:\/\/piastrellerinaldi.it\/wp-content\/uploads\/2022\/01\/Progetto-senza-titolo-2022-01-18T173728.509-1024x1024.jpg 1024w, https:\/\/piastrellerinaldi.it\/wp-content\/uploads\/2022\/01\/Progetto-senza-titolo-2022-01-18T173728.509-12x12.jpg 12w, https:\/\/piastrellerinaldi.it\/wp-content\/uploads\/2022\/01\/Progetto-senza-titolo-2022-01-18T173728.509-40x40.jpg 40w, https:\/\/piastrellerinaldi.it\/wp-content\/uploads\/2022\/01\/Progetto-senza-titolo-2022-01-18T173728.509-150x150.jpg 150w, https:\/\/piastrellerinaldi.it\/wp-content\/uploads\/2022\/01\/Progetto-senza-titolo-2022-01-18T173728.509-300x300.jpg 300w, https:\/\/piastrellerinaldi.it\/wp-content\/uploads\/2022\/01\/Progetto-senza-titolo-2022-01-18T173728.509-90x90.jpg 90w, https:\/\/piastrellerinaldi.it\/wp-content\/uploads\/2022\/01\/Progetto-senza-titolo-2022-01-18T173728.509-523x523.jpg 523w, https:\/\/piastrellerinaldi.it\/wp-content\/uploads\/2022\/01\/Progetto-senza-titolo-2022-01-18T173728.509-525x524.jpg 525w, https:\/\/piastrellerinaldi.it\/wp-content\/uploads\/2022\/01\/Progetto-senza-titolo-2022-01-18T173728.509-450x450.jpg 450w, https:\/\/piastrellerinaldi.it\/wp-content\/uploads\/2022\/01\/Progetto-senza-titolo-2022-01-18T173728.509-600x600.jpg 600w\" data-sizes=\"auto\" src=\"data:image\/svg+xml;base64,PHN2ZyB3aWR0aD0iMSIgaGVpZ2h0PSIxIiB4bWxucz0iaHR0cDovL3d3dy53My5vcmcvMjAwMC9zdmciPjwvc3ZnPg==\" style=\"--smush-placeholder-width: 600px; --smush-placeholder-aspect-ratio: 600\/600;\" data-original-sizes=\"(max-width: 600px) 100vw, 600px\" \/><\/p>\n<p>&nbsp;<\/p>\n<p><strong>GLI ABBINAMENTI CONSIGLIATI DAI NOSTRI INTERIOR DESIGNER<\/strong><\/p>\n<p>Very Peri sta bene con il bianco, colore passpartout nell&#8217;arredo ma non solo, e anche con il grigio nelle sue sfumature pi\u00f9 chiari e tenui e il grigio fumo. \u00c8 perfetto abbinato al rosa delicato e al rosa cipria o al pi\u00f9 energico rosa malva o color corallo. Al fianco del profondo e cupo nero il Very Peri mostra tutta la sua carica, che si tramuta in eleganza e charme, soprattutto se accompagnato anche dai toni del grigio e del tortora.<\/p>\n<p>Per una palette energizzante contraddistinta da tinte in contrasto e abbinamenti imprevedibili, suggeriamo il viola Very Peri abbinato all&#8217;arancio e al blu elettrico. Altro piacevole contrasto con il verde bottiglia, magari smorzato da colori neutri come il bianco ghiaccio e il grigio medio. Chi ama i toni freddi pu\u00f2 invece giocare sull&#8217;abbinamento viola Very Peri, azzurro carta da zucchero, blu oltremare.<br \/>\nProposto al fianco di alcune sfumature di legno chiaro e di sabbia pu\u00f2 essere messo ancor pi\u00f9 in risalto. Con il laccato opaco e lucido si va sul sicuro. Rivestimenti in velluto sono il riflesso della mano setosa e delicata di questo colore e mettono in luce il suo aspetto cangiante. Finiture metalliche lucide sono delle vere macchie di colore che catturano tutti gli occhi a s\u00e8.<\/p>\n<p><img decoding=\"async\" class=\"aligncenter wp-image-56526 size-shop_single lazyload\" data-src=\"https:\/\/piastrellerinaldi.it\/wp-content\/uploads\/2022\/01\/Progetto-senza-titolo-2022-01-18T173819.367.jpg\" alt=\"\" width=\"600\" height=\"600\" data-srcset=\"https:\/\/piastrellerinaldi.it\/wp-content\/uploads\/2022\/01\/Progetto-senza-titolo-2022-01-18T173819.367.jpg 1080w, https:\/\/piastrellerinaldi.it\/wp-content\/uploads\/2022\/01\/Progetto-senza-titolo-2022-01-18T173819.367-300x300.jpg 300w, https:\/\/piastrellerinaldi.it\/wp-content\/uploads\/2022\/01\/Progetto-senza-titolo-2022-01-18T173819.367-1024x1024.jpg 1024w, https:\/\/piastrellerinaldi.it\/wp-content\/uploads\/2022\/01\/Progetto-senza-titolo-2022-01-18T173819.367-150x150.jpg 150w, https:\/\/piastrellerinaldi.it\/wp-content\/uploads\/2022\/01\/Progetto-senza-titolo-2022-01-18T173819.367-12x12.jpg 12w, https:\/\/piastrellerinaldi.it\/wp-content\/uploads\/2022\/01\/Progetto-senza-titolo-2022-01-18T173819.367-40x40.jpg 40w, https:\/\/piastrellerinaldi.it\/wp-content\/uploads\/2022\/01\/Progetto-senza-titolo-2022-01-18T173819.367-90x90.jpg 90w, https:\/\/piastrellerinaldi.it\/wp-content\/uploads\/2022\/01\/Progetto-senza-titolo-2022-01-18T173819.367-523x523.jpg 523w, https:\/\/piastrellerinaldi.it\/wp-content\/uploads\/2022\/01\/Progetto-senza-titolo-2022-01-18T173819.367-525x524.jpg 525w, https:\/\/piastrellerinaldi.it\/wp-content\/uploads\/2022\/01\/Progetto-senza-titolo-2022-01-18T173819.367-450x450.jpg 450w, https:\/\/piastrellerinaldi.it\/wp-content\/uploads\/2022\/01\/Progetto-senza-titolo-2022-01-18T173819.367-600x600.jpg 600w\" data-sizes=\"auto\" src=\"data:image\/svg+xml;base64,PHN2ZyB3aWR0aD0iMSIgaGVpZ2h0PSIxIiB4bWxucz0iaHR0cDovL3d3dy53My5vcmcvMjAwMC9zdmciPjwvc3ZnPg==\" style=\"--smush-placeholder-width: 600px; --smush-placeholder-aspect-ratio: 600\/600;\" data-original-sizes=\"(max-width: 600px) 100vw, 600px\" \/><\/p>\n<\/div><\/div><\/div><\/div><\/div><\/div><\/div><\/section>","protected":false},"excerpt":{"rendered":"VERY PERI 17-3938 \u00c8 IL COLORE DELL&#8217;ANNO 2022 Una\u00a0tonalit\u00e0 di blu pervinca con un sottotono rosso-viola. Una tinta dall&#8217;attitudine vivace e gioiosa, una sfumatura dinamica e vibrante che incoraggia la creativit\u00e0 e un&#8217;espressivit\u00e0 fantasiosa, ideale per dare una sferzata di energia. Questa scelta sottolinea il periodo di trasformazione mondiale in atto, conseguenza dell&#8217;emergenza sanitaria che...","protected":false},"author":7,"featured_media":56527,"comment_status":"closed","ping_status":"closed","sticky":false,"template":"","format":"standard","meta":{"_acf_changed":false,"footnotes":""},"categories":[19,249],"tags":[],"categoria_trasversale":[],"ynn_slider_homepage":[],"class_list":["post-56523","post","type-post","status-publish","format-standard","has-post-thumbnail","hentry","category-novita","category-redazionale"],"acf":[],"yoast_head":"<!-- This site is optimized with the Yoast SEO plugin v27.3 - https:\/\/yoast.com\/product\/yoast-seo-wordpress\/ -->\n<title>VERY PERI 17-3938 \u00c8 IL COLORE DELL&#039;ANNO 2022 - Rinaldi significa CASA, sempre con la stessa passione da tre generazioni<\/title>\n<meta name=\"robots\" content=\"index, follow, max-snippet:-1, max-image-preview:large, max-video-preview:-1\" \/>\n<link rel=\"canonical\" href=\"https:\/\/piastrellerinaldi.it\/en\/very-peri-17-3938-e-il-colore-dellanno-2022\/\" \/>\n<meta property=\"og:locale\" content=\"en_GB\" \/>\n<meta property=\"og:type\" content=\"article\" \/>\n<meta property=\"og:title\" content=\"VERY PERI 17-3938 \u00c8 IL COLORE DELL&#039;ANNO 2022 - Rinaldi significa CASA, sempre con la stessa passione da tre generazioni\" \/>\n<meta property=\"og:url\" content=\"https:\/\/piastrellerinaldi.it\/en\/very-peri-17-3938-e-il-colore-dellanno-2022\/\" \/>\n<meta property=\"og:site_name\" content=\"Rinaldi significa CASA, sempre con la stessa passione da tre generazioni\" \/>\n<meta property=\"article:publisher\" content=\"https:\/\/www.facebook.com\/piastrellerinaldi\/\" \/>\n<meta property=\"article:published_time\" content=\"2022-01-19T13:33:16+00:00\" \/>\n<meta property=\"article:modified_time\" content=\"2022-09-21T13:09:19+00:00\" \/>\n<meta property=\"og:image\" content=\"https:\/\/piastrellerinaldi.it\/wp-content\/uploads\/2022\/01\/Progetto-senza-titolo-2022-01-18T173551.936.jpg\" \/>\n\t<meta property=\"og:image:width\" content=\"1080\" \/>\n\t<meta property=\"og:image:height\" content=\"1080\" \/>\n\t<meta property=\"og:image:type\" content=\"image\/jpeg\" \/>\n<meta name=\"author\" content=\"Admin_rinaldi\" \/>\n<meta name=\"twitter:card\" content=\"summary_large_image\" \/>\n<script type=\"application\/ld+json\" class=\"yoast-schema-graph\">{\"@context\":\"https:\\\/\\\/schema.org\",\"@graph\":[{\"@type\":\"Article\",\"@id\":\"https:\\\/\\\/piastrellerinaldi.it\\\/very-peri-17-3938-e-il-colore-dellanno-2022\\\/#article\",\"isPartOf\":{\"@id\":\"https:\\\/\\\/piastrellerinaldi.it\\\/very-peri-17-3938-e-il-colore-dellanno-2022\\\/\"},\"author\":{\"name\":\"Admin_rinaldi\",\"@id\":\"https:\\\/\\\/piastrellerinaldi.it\\\/#\\\/schema\\\/person\\\/742e598f6bc8c041c967d3f105f9eaab\"},\"headline\":\"VERY PERI 17-3938 \u00c8 IL COLORE DELL&#8217;ANNO 2022\",\"datePublished\":\"2022-01-19T13:33:16+00:00\",\"dateModified\":\"2022-09-21T13:09:19+00:00\",\"mainEntityOfPage\":{\"@id\":\"https:\\\/\\\/piastrellerinaldi.it\\\/very-peri-17-3938-e-il-colore-dellanno-2022\\\/\"},\"wordCount\":427,\"publisher\":{\"@id\":\"https:\\\/\\\/piastrellerinaldi.it\\\/#organization\"},\"image\":{\"@id\":\"https:\\\/\\\/piastrellerinaldi.it\\\/very-peri-17-3938-e-il-colore-dellanno-2022\\\/#primaryimage\"},\"thumbnailUrl\":\"https:\\\/\\\/piastrellerinaldi.it\\\/wp-content\\\/uploads\\\/2022\\\/01\\\/Progetto-senza-titolo-2022-01-18T173551.936.jpg\",\"articleSection\":[\"Novit\u00e0\",\"REDAZIONALE\"],\"inLanguage\":\"en-GB\"},{\"@type\":\"WebPage\",\"@id\":\"https:\\\/\\\/piastrellerinaldi.it\\\/very-peri-17-3938-e-il-colore-dellanno-2022\\\/\",\"url\":\"https:\\\/\\\/piastrellerinaldi.it\\\/very-peri-17-3938-e-il-colore-dellanno-2022\\\/\",\"name\":\"VERY PERI 17-3938 \u00c8 IL COLORE DELL'ANNO 2022 - Rinaldi significa CASA, sempre con la stessa passione da tre generazioni\",\"isPartOf\":{\"@id\":\"https:\\\/\\\/piastrellerinaldi.it\\\/#website\"},\"primaryImageOfPage\":{\"@id\":\"https:\\\/\\\/piastrellerinaldi.it\\\/very-peri-17-3938-e-il-colore-dellanno-2022\\\/#primaryimage\"},\"image\":{\"@id\":\"https:\\\/\\\/piastrellerinaldi.it\\\/very-peri-17-3938-e-il-colore-dellanno-2022\\\/#primaryimage\"},\"thumbnailUrl\":\"https:\\\/\\\/piastrellerinaldi.it\\\/wp-content\\\/uploads\\\/2022\\\/01\\\/Progetto-senza-titolo-2022-01-18T173551.936.jpg\",\"datePublished\":\"2022-01-19T13:33:16+00:00\",\"dateModified\":\"2022-09-21T13:09:19+00:00\",\"breadcrumb\":{\"@id\":\"https:\\\/\\\/piastrellerinaldi.it\\\/very-peri-17-3938-e-il-colore-dellanno-2022\\\/#breadcrumb\"},\"inLanguage\":\"en-GB\",\"potentialAction\":[{\"@type\":\"ReadAction\",\"target\":[\"https:\\\/\\\/piastrellerinaldi.it\\\/very-peri-17-3938-e-il-colore-dellanno-2022\\\/\"]}]},{\"@type\":\"ImageObject\",\"inLanguage\":\"en-GB\",\"@id\":\"https:\\\/\\\/piastrellerinaldi.it\\\/very-peri-17-3938-e-il-colore-dellanno-2022\\\/#primaryimage\",\"url\":\"https:\\\/\\\/piastrellerinaldi.it\\\/wp-content\\\/uploads\\\/2022\\\/01\\\/Progetto-senza-titolo-2022-01-18T173551.936.jpg\",\"contentUrl\":\"https:\\\/\\\/piastrellerinaldi.it\\\/wp-content\\\/uploads\\\/2022\\\/01\\\/Progetto-senza-titolo-2022-01-18T173551.936.jpg\",\"width\":1080,\"height\":1080},{\"@type\":\"BreadcrumbList\",\"@id\":\"https:\\\/\\\/piastrellerinaldi.it\\\/very-peri-17-3938-e-il-colore-dellanno-2022\\\/#breadcrumb\",\"itemListElement\":[{\"@type\":\"ListItem\",\"position\":1,\"name\":\"HOME\",\"item\":\"https:\\\/\\\/piastrellerinaldi.it\\\/\"},{\"@type\":\"ListItem\",\"position\":2,\"name\":\"VERY PERI 17-3938 \u00c8 IL COLORE DELL&#8217;ANNO 2022\"}]},{\"@type\":\"WebSite\",\"@id\":\"https:\\\/\\\/piastrellerinaldi.it\\\/#website\",\"url\":\"https:\\\/\\\/piastrellerinaldi.it\\\/\",\"name\":\"Rinaldi significa CASA, sempre con la stessa passione da tre generazioni\",\"description\":\"Pavimenti e rivestimenti | Arredo bagno | Riscaldamento | Porte | Negozio online | Consegna gratuita in Italia | Consulenza | Progettazione\",\"publisher\":{\"@id\":\"https:\\\/\\\/piastrellerinaldi.it\\\/#organization\"},\"potentialAction\":[{\"@type\":\"SearchAction\",\"target\":{\"@type\":\"EntryPoint\",\"urlTemplate\":\"https:\\\/\\\/piastrellerinaldi.it\\\/?s={search_term_string}\"},\"query-input\":{\"@type\":\"PropertyValueSpecification\",\"valueRequired\":true,\"valueName\":\"search_term_string\"}}],\"inLanguage\":\"en-GB\"},{\"@type\":\"Organization\",\"@id\":\"https:\\\/\\\/piastrellerinaldi.it\\\/#organization\",\"name\":\"Rinaldi S.r.l.\",\"url\":\"https:\\\/\\\/piastrellerinaldi.it\\\/\",\"logo\":{\"@type\":\"ImageObject\",\"inLanguage\":\"en-GB\",\"@id\":\"https:\\\/\\\/piastrellerinaldi.it\\\/#\\\/schema\\\/logo\\\/image\\\/\",\"url\":\"https:\\\/\\\/piastrellerinaldi.it\\\/wp-content\\\/uploads\\\/2021\\\/01\\\/Rinaldi_Piastrelle-Logo-01.svg\",\"contentUrl\":\"https:\\\/\\\/piastrellerinaldi.it\\\/wp-content\\\/uploads\\\/2021\\\/01\\\/Rinaldi_Piastrelle-Logo-01.svg\",\"width\":1,\"height\":1,\"caption\":\"Rinaldi S.r.l.\"},\"image\":{\"@id\":\"https:\\\/\\\/piastrellerinaldi.it\\\/#\\\/schema\\\/logo\\\/image\\\/\"},\"sameAs\":[\"https:\\\/\\\/www.facebook.com\\\/piastrellerinaldi\\\/\",\"https:\\\/\\\/www.instagram.com\\\/piastrelle_rinaldi\\\/\"]},{\"@type\":\"Person\",\"@id\":\"https:\\\/\\\/piastrellerinaldi.it\\\/#\\\/schema\\\/person\\\/742e598f6bc8c041c967d3f105f9eaab\",\"name\":\"Admin_rinaldi\"}]}<\/script>\n<!-- \/ Yoast SEO plugin. -->","yoast_head_json":{"title":"VERY PERI 17-3938 \u00c8 IL COLORE DELL'ANNO 2022 - Rinaldi significa CASA, sempre con la stessa passione da tre generazioni","robots":{"index":"index","follow":"follow","max-snippet":"max-snippet:-1","max-image-preview":"max-image-preview:large","max-video-preview":"max-video-preview:-1"},"canonical":"https:\/\/piastrellerinaldi.it\/en\/very-peri-17-3938-e-il-colore-dellanno-2022\/","og_locale":"en_GB","og_type":"article","og_title":"VERY PERI 17-3938 \u00c8 IL COLORE DELL'ANNO 2022 - Rinaldi significa CASA, sempre con la stessa passione da tre generazioni","og_url":"https:\/\/piastrellerinaldi.it\/en\/very-peri-17-3938-e-il-colore-dellanno-2022\/","og_site_name":"Rinaldi significa CASA, sempre con la stessa passione da tre generazioni","article_publisher":"https:\/\/www.facebook.com\/piastrellerinaldi\/","article_published_time":"2022-01-19T13:33:16+00:00","article_modified_time":"2022-09-21T13:09:19+00:00","og_image":[{"width":1080,"height":1080,"url":"https:\/\/piastrellerinaldi.it\/wp-content\/uploads\/2022\/01\/Progetto-senza-titolo-2022-01-18T173551.936.jpg","type":"image\/jpeg"}],"author":"Admin_rinaldi","twitter_card":"summary_large_image","schema":{"@context":"https:\/\/schema.org","@graph":[{"@type":"Article","@id":"https:\/\/piastrellerinaldi.it\/very-peri-17-3938-e-il-colore-dellanno-2022\/#article","isPartOf":{"@id":"https:\/\/piastrellerinaldi.it\/very-peri-17-3938-e-il-colore-dellanno-2022\/"},"author":{"name":"Admin_rinaldi","@id":"https:\/\/piastrellerinaldi.it\/#\/schema\/person\/742e598f6bc8c041c967d3f105f9eaab"},"headline":"VERY PERI 17-3938 \u00c8 IL COLORE DELL&#8217;ANNO 2022","datePublished":"2022-01-19T13:33:16+00:00","dateModified":"2022-09-21T13:09:19+00:00","mainEntityOfPage":{"@id":"https:\/\/piastrellerinaldi.it\/very-peri-17-3938-e-il-colore-dellanno-2022\/"},"wordCount":427,"publisher":{"@id":"https:\/\/piastrellerinaldi.it\/#organization"},"image":{"@id":"https:\/\/piastrellerinaldi.it\/very-peri-17-3938-e-il-colore-dellanno-2022\/#primaryimage"},"thumbnailUrl":"https:\/\/piastrellerinaldi.it\/wp-content\/uploads\/2022\/01\/Progetto-senza-titolo-2022-01-18T173551.936.jpg","articleSection":["Novit\u00e0","REDAZIONALE"],"inLanguage":"en-GB"},{"@type":"WebPage","@id":"https:\/\/piastrellerinaldi.it\/very-peri-17-3938-e-il-colore-dellanno-2022\/","url":"https:\/\/piastrellerinaldi.it\/very-peri-17-3938-e-il-colore-dellanno-2022\/","name":"VERY PERI 17-3938 \u00c8 IL COLORE DELL'ANNO 2022 - Rinaldi significa CASA, sempre con la stessa passione da tre generazioni","isPartOf":{"@id":"https:\/\/piastrellerinaldi.it\/#website"},"primaryImageOfPage":{"@id":"https:\/\/piastrellerinaldi.it\/very-peri-17-3938-e-il-colore-dellanno-2022\/#primaryimage"},"image":{"@id":"https:\/\/piastrellerinaldi.it\/very-peri-17-3938-e-il-colore-dellanno-2022\/#primaryimage"},"thumbnailUrl":"https:\/\/piastrellerinaldi.it\/wp-content\/uploads\/2022\/01\/Progetto-senza-titolo-2022-01-18T173551.936.jpg","datePublished":"2022-01-19T13:33:16+00:00","dateModified":"2022-09-21T13:09:19+00:00","breadcrumb":{"@id":"https:\/\/piastrellerinaldi.it\/very-peri-17-3938-e-il-colore-dellanno-2022\/#breadcrumb"},"inLanguage":"en-GB","potentialAction":[{"@type":"ReadAction","target":["https:\/\/piastrellerinaldi.it\/very-peri-17-3938-e-il-colore-dellanno-2022\/"]}]},{"@type":"ImageObject","inLanguage":"en-GB","@id":"https:\/\/piastrellerinaldi.it\/very-peri-17-3938-e-il-colore-dellanno-2022\/#primaryimage","url":"https:\/\/piastrellerinaldi.it\/wp-content\/uploads\/2022\/01\/Progetto-senza-titolo-2022-01-18T173551.936.jpg","contentUrl":"https:\/\/piastrellerinaldi.it\/wp-content\/uploads\/2022\/01\/Progetto-senza-titolo-2022-01-18T173551.936.jpg","width":1080,"height":1080},{"@type":"BreadcrumbList","@id":"https:\/\/piastrellerinaldi.it\/very-peri-17-3938-e-il-colore-dellanno-2022\/#breadcrumb","itemListElement":[{"@type":"ListItem","position":1,"name":"HOME","item":"https:\/\/piastrellerinaldi.it\/"},{"@type":"ListItem","position":2,"name":"VERY PERI 17-3938 \u00c8 IL COLORE DELL&#8217;ANNO 2022"}]},{"@type":"WebSite","@id":"https:\/\/piastrellerinaldi.it\/#website","url":"https:\/\/piastrellerinaldi.it\/","name":"Rinaldi means HOME, always with the same passion for three generations","description":"Flooring and wall tiles | Bathroom furniture | Heating | Doors | Online shop | Free delivery in Italy | Consultancy | Design","publisher":{"@id":"https:\/\/piastrellerinaldi.it\/#organization"},"potentialAction":[{"@type":"SearchAction","target":{"@type":"EntryPoint","urlTemplate":"https:\/\/piastrellerinaldi.it\/?s={search_term_string}"},"query-input":{"@type":"PropertyValueSpecification","valueRequired":true,"valueName":"search_term_string"}}],"inLanguage":"en-GB"},{"@type":"Organization","@id":"https:\/\/piastrellerinaldi.it\/#organization","name":"Rinaldi S.r.l.","url":"https:\/\/piastrellerinaldi.it\/","logo":{"@type":"ImageObject","inLanguage":"en-GB","@id":"https:\/\/piastrellerinaldi.it\/#\/schema\/logo\/image\/","url":"https:\/\/piastrellerinaldi.it\/wp-content\/uploads\/2021\/01\/Rinaldi_Piastrelle-Logo-01.svg","contentUrl":"https:\/\/piastrellerinaldi.it\/wp-content\/uploads\/2021\/01\/Rinaldi_Piastrelle-Logo-01.svg","width":1,"height":1,"caption":"Rinaldi S.r.l."},"image":{"@id":"https:\/\/piastrellerinaldi.it\/#\/schema\/logo\/image\/"},"sameAs":["https:\/\/www.facebook.com\/piastrellerinaldi\/","https:\/\/www.instagram.com\/piastrelle_rinaldi\/"]},{"@type":"Person","@id":"https:\/\/piastrellerinaldi.it\/#\/schema\/person\/742e598f6bc8c041c967d3f105f9eaab","name":"Admin_rinaldi"}]}},"_links":{"self":[{"href":"https:\/\/piastrellerinaldi.it\/en\/wp-json\/wp\/v2\/posts\/56523","targetHints":{"allow":["GET"]}}],"collection":[{"href":"https:\/\/piastrellerinaldi.it\/en\/wp-json\/wp\/v2\/posts"}],"about":[{"href":"https:\/\/piastrellerinaldi.it\/en\/wp-json\/wp\/v2\/types\/post"}],"author":[{"embeddable":true,"href":"https:\/\/piastrellerinaldi.it\/en\/wp-json\/wp\/v2\/users\/7"}],"replies":[{"embeddable":true,"href":"https:\/\/piastrellerinaldi.it\/en\/wp-json\/wp\/v2\/comments?post=56523"}],"version-history":[{"count":10,"href":"https:\/\/piastrellerinaldi.it\/en\/wp-json\/wp\/v2\/posts\/56523\/revisions"}],"predecessor-version":[{"id":56533,"href":"https:\/\/piastrellerinaldi.it\/en\/wp-json\/wp\/v2\/posts\/56523\/revisions\/56533"}],"wp:featuredmedia":[{"embeddable":true,"href":"https:\/\/piastrellerinaldi.it\/en\/wp-json\/wp\/v2\/media\/56527"}],"wp:attachment":[{"href":"https:\/\/piastrellerinaldi.it\/en\/wp-json\/wp\/v2\/media?parent=56523"}],"wp:term":[{"taxonomy":"category","embeddable":true,"href":"https:\/\/piastrellerinaldi.it\/en\/wp-json\/wp\/v2\/categories?post=56523"},{"taxonomy":"post_tag","embeddable":true,"href":"https:\/\/piastrellerinaldi.it\/en\/wp-json\/wp\/v2\/tags?post=56523"},{"taxonomy":"categoria_trasversale","embeddable":true,"href":"https:\/\/piastrellerinaldi.it\/en\/wp-json\/wp\/v2\/categoria_trasversale?post=56523"},{"taxonomy":"ynn_slider_homepage","embeddable":true,"href":"https:\/\/piastrellerinaldi.it\/en\/wp-json\/wp\/v2\/ynn_slider_homepage?post=56523"}],"curies":[{"name":"wp","href":"https:\/\/api.w.org\/{rel}","templated":true}]}}